{"id":247,"date":"2019-01-04T11:38:14","date_gmt":"2019-01-04T10:38:14","guid":{"rendered":"http:\/\/alloggio.fr\/site\/?p=247"},"modified":"2019-02-04T11:49:19","modified_gmt":"2019-02-04T10:49:19","slug":"regards-croises-argentina","status":"publish","type":"post","link":"http:\/\/alloggio.fr\/site\/regards-croises-argentina\/","title":{"rendered":"Regards crois\u00e9s \u00ab\u00a0Argentina\u00a0\u00bb"},"content":{"rendered":"\n<div class=\"wp-block-image\"><figure class=\"aligncenter is-resized\"><img loading=\"lazy\" src=\"http:\/\/alloggio.fr\/site\/wp-content\/uploads\/2019\/02\/IMG_0632-Copie-e1549277072723-768x1024.jpg\" alt=\"\" class=\"wp-image-248\" width=\"335\" height=\"446\" srcset=\"http:\/\/alloggio.fr\/site\/wp-content\/uploads\/2019\/02\/IMG_0632-Copie-e1549277072723-768x1024.jpg 768w, http:\/\/alloggio.fr\/site\/wp-content\/uploads\/2019\/02\/IMG_0632-Copie-e1549277072723-100x134.jpg 100w, http:\/\/alloggio.fr\/site\/wp-content\/uploads\/2019\/02\/IMG_0632-Copie-e1549277072723-225x300.jpg 225w\" sizes=\"(max-width: 335px) 100vw, 335px\" \/><\/figure><\/div>\n\n\n\n<p>Le programme &nbsp;\u00ab\u00a0Regards crois\u00e9s sur l\u2019Argentine\u00a0\u00bb est n\u00e9 au fur et \u00e0  mesure de rencontres et de sollicitations. Les premi\u00e8res rencontres,  en 2009, ont eu lieu lors du tournage du film \u00ab&nbsp;La vereda de enfrente&nbsp;\u00bb  (\u00ab&nbsp;Le trottoir d\u2019en face&nbsp;\u00bb) au cours duquel je rencontre Roberto \u00ab\u00a0Billy\u00a0\u00bb Cedr\u00f3n, peintre, et son fils Manuel,  bandon\u00e9oniste. La pr\u00e9sentation du film en 2012 s\u2019est inscrite dans une  s\u00e9quence d\u00e9j\u00e0 baptis\u00e9e \u00ab&nbsp;Regards crois\u00e9s sur l\u2019Argentine&nbsp;\u00bb au cours de  laquelle ont \u00e9t\u00e9 pr\u00e9sent\u00e9es, \u00e0 l\u2019Universit\u00e9 Rennes 2, cinq cr\u00e9ations  issues de la mouvance \u00e9tudiante. Cette m\u00eame s\u00e9quence a ensuite \u00e9t\u00e9  pr\u00e9sent\u00e9e, dans des g\u00e9om\u00e9tries variables, \u00e0 Nantes (44) puis Coutras  (33).<\/p>\n\n\n\n<p>En 2012, je participe \u00e0 une premi\u00e8re r\u00e9sidence de travail \u00e0 Laval (53) autour de la cr\u00e9ation <a href=\"http:\/\/www.pointbarrevideo.com\/wordpress\/?p=1334\">\u00ab&nbsp;Cuadros de una exposici\u00f3n&nbsp;\u00bb<\/a>  par Manuel Cedr\u00f3n alliant musique, danse, th\u00e9\u00e2tre et projections. Cette  semaine de cr\u00e9ation a \u00e9t\u00e9 l\u2019occasion de la rencontre avec le pianiste  Gonzalo Gudi\u00f1o. Une seconde r\u00e9sidence a \u00e9t\u00e9 le point d\u2019orgue de  l\u2019exposition <a href=\"http:\/\/www.pointbarrevideo.com\/wordpress\/?p=1089\" target=\"_blank\" rel=\"noreferrer noopener\" aria-label=\" (s\u2019ouvre dans un nouvel onglet)\">\u00ab&nbsp;Regards crois\u00e9s sur l\u2019Argentine&nbsp;\u00bb dans le cadre de la programmation culturelle du Coglais (35)<\/a> en 2015.<\/p>\n\n\n\n<p>Une nouvelle s\u00e9quence d\u2019exposition a lieu en 2018-2019 au lyc\u00e9e Bertrand d\u2019Argentr\u00e9 \u00e0 Vitr\u00e9 (35).<\/p>\n","protected":false},"excerpt":{"rendered":"<p>Le programme &nbsp;\u00ab\u00a0Regards crois\u00e9s sur l\u2019Argentine\u00a0\u00bb est n\u00e9 au fur et \u00e0 mesure de rencontres et de sollicitations. Les premi\u00e8res rencontres, en 2009, ont eu lieu lors du tournage du film \u00ab&nbsp;La vereda de enfrente&nbsp;\u00bb (\u00ab&nbsp;Le trottoir d\u2019en face&nbsp;\u00bb) au cours duquel je rencontre Roberto \u00ab\u00a0Billy\u00a0\u00bb Cedr\u00f3n, peintre, et son fils Manuel, bandon\u00e9oniste. La pr\u00e9sentation [&hellip;]<\/p>\n","protected":false},"author":1,"featured_media":248,"comment_status":"closed","ping_status":"open","sticky":false,"template":"","format":"standard","meta":[],"categories":[5],"tags":[],"_links":{"self":[{"href":"http:\/\/alloggio.fr\/site\/wp-json\/wp\/v2\/posts\/247"}],"collection":[{"href":"http:\/\/alloggio.fr\/site\/wp-json\/wp\/v2\/posts"}],"about":[{"href":"http:\/\/alloggio.fr\/site\/wp-json\/wp\/v2\/types\/post"}],"author":[{"embeddable":true,"href":"http:\/\/alloggio.fr\/site\/wp-json\/wp\/v2\/users\/1"}],"replies":[{"embeddable":true,"href":"http:\/\/alloggio.fr\/site\/wp-json\/wp\/v2\/comments?post=247"}],"version-history":[{"count":3,"href":"http:\/\/alloggio.fr\/site\/wp-json\/wp\/v2\/posts\/247\/revisions"}],"predecessor-version":[{"id":252,"href":"http:\/\/alloggio.fr\/site\/wp-json\/wp\/v2\/posts\/247\/revisions\/252"}],"wp:featuredmedia":[{"embeddable":true,"href":"http:\/\/alloggio.fr\/site\/wp-json\/wp\/v2\/media\/248"}],"wp:attachment":[{"href":"http:\/\/alloggio.fr\/site\/wp-json\/wp\/v2\/media?parent=247"}],"wp:term":[{"taxonomy":"category","embeddable":true,"href":"http:\/\/alloggio.fr\/site\/wp-json\/wp\/v2\/categories?post=247"},{"taxonomy":"post_tag","embeddable":true,"href":"http:\/\/alloggio.fr\/site\/wp-json\/wp\/v2\/tags?post=247"}],"curies":[{"name":"wp","href":"https:\/\/api.w.org\/{rel}","templated":true}]}}