{"id":253,"date":"2019-01-04T11:49:50","date_gmt":"2019-01-04T10:49:50","guid":{"rendered":"http:\/\/alloggio.fr\/site\/?p=253"},"modified":"2019-02-04T12:00:42","modified_gmt":"2019-02-04T11:00:42","slug":"cuadros-de-una-exposicion","status":"publish","type":"post","link":"http:\/\/alloggio.fr\/site\/cuadros-de-una-exposicion\/","title":{"rendered":"Cuadros de una exposici\u00f3n"},"content":{"rendered":"\n<figure class=\"wp-block-image\"><img loading=\"lazy\" width=\"1000\" height=\"573\" src=\"http:\/\/alloggio.fr\/site\/wp-content\/uploads\/2019\/02\/CUADROSp.jpg\" alt=\"\" class=\"wp-image-254\" srcset=\"http:\/\/alloggio.fr\/site\/wp-content\/uploads\/2019\/02\/CUADROSp.jpg 1000w, http:\/\/alloggio.fr\/site\/wp-content\/uploads\/2019\/02\/CUADROSp-300x172.jpg 300w, http:\/\/alloggio.fr\/site\/wp-content\/uploads\/2019\/02\/CUADROSp-768x440.jpg 768w\" sizes=\"(max-width: 1000px) 100vw, 1000px\" \/><\/figure>\n\n\n\n<p>Au sein de ce projet r\u00e9unissant musiciens, plasticiens et danseurs autour du projet de Manuel Cedr\u00f3n, j&rsquo;ai cr\u00e9\u00e9, avec la complicit\u00e9 de Juan Pablo Espinoza, un parcours visuel bas\u00e9 sur les outils du VJing<\/p>\n\n\n\n<p>Le projet a \u00e9t\u00e9 travaill\u00e9 et pr\u00e9sent\u00e9 \u00e0 plusieurs reprises dans le cadre de r\u00e9sidence de cr\u00e9ation. En 2012 \u00e0 Laval (53) et en 2015 au centre culturel du Coglais (35).<\/p>\n\n\n\n<p>Cette exp\u00e9rience de cr\u00e9ation live \u00e0 base de vid\u00e9os s&rsquo;est d\u00e9clin\u00e9e dans diverses formes pour accompagner les musiciens sur sc\u00e8ne.<\/p>\n\n\n\n<figure class=\"wp-block-image\"><img loading=\"lazy\" width=\"1024\" height=\"582\" src=\"http:\/\/alloggio.fr\/site\/wp-content\/uploads\/2019\/02\/CedronGudinoinvites_8-8-2013_Esquibien_06-1024x582.jpg\" alt=\"\" class=\"wp-image-255\" srcset=\"http:\/\/alloggio.fr\/site\/wp-content\/uploads\/2019\/02\/CedronGudinoinvites_8-8-2013_Esquibien_06-1024x582.jpg 1024w, http:\/\/alloggio.fr\/site\/wp-content\/uploads\/2019\/02\/CedronGudinoinvites_8-8-2013_Esquibien_06-300x171.jpg 300w, http:\/\/alloggio.fr\/site\/wp-content\/uploads\/2019\/02\/CedronGudinoinvites_8-8-2013_Esquibien_06-768x437.jpg 768w\" sizes=\"(max-width: 1024px) 100vw, 1024px\" \/><\/figure>\n\n\n\n<p><br><\/p>\n","protected":false},"excerpt":{"rendered":"<p>Au sein de ce projet r\u00e9unissant musiciens, plasticiens et danseurs autour du projet de Manuel Cedr\u00f3n, j&rsquo;ai cr\u00e9\u00e9, avec la complicit\u00e9 de Juan Pablo Espinoza, un parcours visuel bas\u00e9 sur les outils du VJing Le projet a \u00e9t\u00e9 travaill\u00e9 et pr\u00e9sent\u00e9 \u00e0 plusieurs reprises dans le cadre de r\u00e9sidence de cr\u00e9ation. En 2012 \u00e0 Laval [&hellip;]<\/p>\n","protected":false},"author":1,"featured_media":256,"comment_status":"closed","ping_status":"open","sticky":false,"template":"","format":"standard","meta":[],"categories":[7],"tags":[],"_links":{"self":[{"href":"http:\/\/alloggio.fr\/site\/wp-json\/wp\/v2\/posts\/253"}],"collection":[{"href":"http:\/\/alloggio.fr\/site\/wp-json\/wp\/v2\/posts"}],"about":[{"href":"http:\/\/alloggio.fr\/site\/wp-json\/wp\/v2\/types\/post"}],"author":[{"embeddable":true,"href":"http:\/\/alloggio.fr\/site\/wp-json\/wp\/v2\/users\/1"}],"replies":[{"embeddable":true,"href":"http:\/\/alloggio.fr\/site\/wp-json\/wp\/v2\/comments?post=253"}],"version-history":[{"count":1,"href":"http:\/\/alloggio.fr\/site\/wp-json\/wp\/v2\/posts\/253\/revisions"}],"predecessor-version":[{"id":257,"href":"http:\/\/alloggio.fr\/site\/wp-json\/wp\/v2\/posts\/253\/revisions\/257"}],"wp:featuredmedia":[{"embeddable":true,"href":"http:\/\/alloggio.fr\/site\/wp-json\/wp\/v2\/media\/256"}],"wp:attachment":[{"href":"http:\/\/alloggio.fr\/site\/wp-json\/wp\/v2\/media?parent=253"}],"wp:term":[{"taxonomy":"category","embeddable":true,"href":"http:\/\/alloggio.fr\/site\/wp-json\/wp\/v2\/categories?post=253"},{"taxonomy":"post_tag","embeddable":true,"href":"http:\/\/alloggio.fr\/site\/wp-json\/wp\/v2\/tags?post=253"}],"curies":[{"name":"wp","href":"https:\/\/api.w.org\/{rel}","templated":true}]}}