{"id":30,"date":"2019-01-31T11:50:26","date_gmt":"2019-01-31T10:50:26","guid":{"rendered":"http:\/\/alloggio.fr\/site\/?p=30"},"modified":"2019-01-31T21:28:38","modified_gmt":"2019-01-31T20:28:38","slug":"1968-coglais-2018","status":"publish","type":"post","link":"http:\/\/alloggio.fr\/site\/1968-coglais-2018\/","title":{"rendered":"&#8230;1968 Coglais 2018.."},"content":{"rendered":"<p>R\u00e9alisation collective avec les habitants du Coglais<br \/>\nHD \/ 71 minutes \/ 2016 &#8211; POINT BARRE<\/p>\n<p><img loading=\"lazy\" class=\"alignnone size-medium wp-image-143\" src=\"http:\/\/alloggio.fr\/site\/wp-content\/uploads\/2019\/01\/tournageEspaceJeunes-300x224.jpg\" alt=\"\" width=\"300\" height=\"224\" srcset=\"http:\/\/alloggio.fr\/site\/wp-content\/uploads\/2019\/01\/tournageEspaceJeunes-300x224.jpg 300w, http:\/\/alloggio.fr\/site\/wp-content\/uploads\/2019\/01\/tournageEspaceJeunes-768x574.jpg 768w, http:\/\/alloggio.fr\/site\/wp-content\/uploads\/2019\/01\/tournageEspaceJeunes-1024x765.jpg 1024w\" sizes=\"(max-width: 300px) 100vw, 300px\" \/><\/p>\n<p>En 2013, je d\u00e9couvre un film baptis\u00e9 \u00ab Coglais, Avril 1968 \u00bb lors d\u2019une projection organis\u00e9e dans une ferme \u00e0 l\u2019occasion de la f\u00eate des fours chauds.<br \/>\nLes premi\u00e8res images du film annoncent \u00ab Ce film a \u00e9t\u00e9 r\u00e9alis\u00e9 par une dizaine de jeunes du territoire \u00bb. Le film tourn\u00e9 en 16 mm se livre \u00e0 un v\u00e9ritable diagnostic du territoire. Le Coglais est la mati\u00e8re du film, le sujet : un objet pris en main et tourn\u00e9 dans tous les sens pour en appr\u00e9cier les contours, les tenants et les aboutissant, les limites et les possibilit\u00e9s, les pourquoi et les comment, les avant et les apr\u00e8s\u2026 Le sujet est vaste et les diff\u00e9rents personnages du film sont intarissables.<br \/>\nL\u2019id\u00e9e de faire un nouveau film dans la m\u00eame d\u00e9marche, mais 50 ans plus tard. Nous avons propos\u00e9 ce projet \u00e0 Coglais Communaut\u00e9 qui a d\u00e9cid\u00e9 de nous apporter son soutien. Le projet nous a amen\u00e9 \u00e0 r\u00e9aliser ce nouveau film sous la forme d&rsquo;une r\u00e9sidence avec les habitants du Coglais.<br \/>\nFin 2016, nous avons finalis\u00e9 ce beau projet par l&rsquo;\u00e9dition d&rsquo;un DVD r\u00e9unissant les deux films et compl\u00e9t\u00e9 par un travail de recherche sur les origines du film de 1968.<\/p>\n<p><iframe loading=\"lazy\" src=\"https:\/\/player.vimeo.com\/video\/117272233?color=ffffff&amp;title=0&amp;byline=0&amp;portrait=0\" width=\"500\" height=\"275\" frameborder=\"0\" allowfullscreen=\"allowfullscreen\"><\/iframe><\/p>\n<p>voir aussi :<a title=\"Le journal de bord\" href=\"http:\/\/www.1968coglais2015.info\" target=\"blank\"> www.1968coglais2015.info <\/a><\/p>\n","protected":false},"excerpt":{"rendered":"<p>R\u00e9alisation collective avec les habitants du Coglais HD \/ 71 minutes \/ 2016 &#8211; POINT BARRE En 2013, je d\u00e9couvre un film baptis\u00e9 \u00ab Coglais, Avril 1968 \u00bb lors d\u2019une projection organis\u00e9e dans une ferme \u00e0 l\u2019occasion de la f\u00eate des fours chauds. Les premi\u00e8res images du film annoncent \u00ab Ce film a \u00e9t\u00e9 r\u00e9alis\u00e9 [&hellip;]<\/p>\n","protected":false},"author":1,"featured_media":143,"comment_status":"closed","ping_status":"open","sticky":false,"template":"","format":"standard","meta":[],"categories":[3],"tags":[],"_links":{"self":[{"href":"http:\/\/alloggio.fr\/site\/wp-json\/wp\/v2\/posts\/30"}],"collection":[{"href":"http:\/\/alloggio.fr\/site\/wp-json\/wp\/v2\/posts"}],"about":[{"href":"http:\/\/alloggio.fr\/site\/wp-json\/wp\/v2\/types\/post"}],"author":[{"embeddable":true,"href":"http:\/\/alloggio.fr\/site\/wp-json\/wp\/v2\/users\/1"}],"replies":[{"embeddable":true,"href":"http:\/\/alloggio.fr\/site\/wp-json\/wp\/v2\/comments?post=30"}],"version-history":[{"count":3,"href":"http:\/\/alloggio.fr\/site\/wp-json\/wp\/v2\/posts\/30\/revisions"}],"predecessor-version":[{"id":227,"href":"http:\/\/alloggio.fr\/site\/wp-json\/wp\/v2\/posts\/30\/revisions\/227"}],"wp:featuredmedia":[{"embeddable":true,"href":"http:\/\/alloggio.fr\/site\/wp-json\/wp\/v2\/media\/143"}],"wp:attachment":[{"href":"http:\/\/alloggio.fr\/site\/wp-json\/wp\/v2\/media?parent=30"}],"wp:term":[{"taxonomy":"category","embeddable":true,"href":"http:\/\/alloggio.fr\/site\/wp-json\/wp\/v2\/categories?post=30"},{"taxonomy":"post_tag","embeddable":true,"href":"http:\/\/alloggio.fr\/site\/wp-json\/wp\/v2\/tags?post=30"}],"curies":[{"name":"wp","href":"https:\/\/api.w.org\/{rel}","templated":true}]}}