{"id":32,"date":"2019-01-31T11:49:37","date_gmt":"2019-01-31T10:49:37","guid":{"rendered":"http:\/\/alloggio.fr\/site\/?p=32"},"modified":"2024-12-12T11:19:37","modified_gmt":"2024-12-12T10:19:37","slug":"la-vereda-de-enfrente","status":"publish","type":"post","link":"http:\/\/alloggio.fr\/site\/la-vereda-de-enfrente\/","title":{"rendered":"La vereda de enfrente"},"content":{"rendered":"<p>(Le trottoir d&rsquo;en face)<br>\nde Antonin Alloggio | 52 minutes \/ PAL DV | VOST fran\u00e7ais \u2013 argentin.<br>\navec Miguel \u00c1ngel Alloggio, Roberto Cedr\u00f3n, Manuel Cedr\u00f3n, Pablo Nu\u00f1ez, Greta Risa.<\/p>\n\n\n<figure class=\"wp-block-image size-large\"><img loading=\"lazy\" width=\"1024\" height=\"576\" src=\"http:\/\/alloggio.fr\/site\/wp-content\/uploads\/2019\/01\/aalloggio_laveredadeenfrente-1024x576.png\" alt=\"\" class=\"wp-image-51\" srcset=\"http:\/\/alloggio.fr\/site\/wp-content\/uploads\/2019\/01\/aalloggio_laveredadeenfrente.png 1024w, http:\/\/alloggio.fr\/site\/wp-content\/uploads\/2019\/01\/aalloggio_laveredadeenfrente-300x169.png 300w, http:\/\/alloggio.fr\/site\/wp-content\/uploads\/2019\/01\/aalloggio_laveredadeenfrente-768x432.png 768w\" sizes=\"(max-width: 1024px) 100vw, 1024px\" \/><\/figure>\n\n\n\n<p>J&rsquo;ai toujours eu pour l&rsquo;Argentine  un int\u00e9r\u00eat tr\u00e8s personnel, li\u00e9 \u00e0 la construction de l&rsquo;identit\u00e9, puisque mon p\u00e8re est n\u00e9 \u00e0  Buenos Aires. Et pas moi. Je  suis n\u00e9 apr\u00e8s qu&rsquo;il soit arriv\u00e9 en France en 1980,  exil\u00e9 \u00e0 cause de la  dictature militaire qui a massacr\u00e9 le pays. En me racontant  Buenos  Aires comme on raconte des histoires aux enfants, il m&rsquo;a transmis une   sorte de nostalgie pour cette ville. J&rsquo;ai des souvenirs que je n&rsquo;ai pas  v\u00e9cus,  comme une m\u00e9moire h\u00e9r\u00e9ditaire.<\/p>\n\n\n\n<p>En juillet 2009, \u00e0 20 ans, j&rsquo;ai  travers\u00e9 l&rsquo;Atlantique pour atterrir une  premi\u00e8re fois \u00e0 l&rsquo;a\u00e9roport d&rsquo;Ezeiza, \u00e0  quelques kilom\u00e8tres de Buenos  Aires. J&rsquo;allais enfin voir cette ville de mes  propres yeux, l&rsquo;\u00e9couter  et en faire l&rsquo;exp\u00e9rience par moi-m\u00eame. Je l&rsquo;ai vue  vivre et, en la  parcourant, en causant avec les gens, je me suis senti  appartenir \u00e0 un  groupe, je me suis senti Argentin. Je suis fier de ses beaut\u00e9s  et j&rsquo;ai  honte devant sa d\u00e9cadence. Cette ville insaisissable continue de   m&rsquo;intriguer, entre fascination et habitude.<\/p>\n\n\n\n<p>Pour essayer d&rsquo;exprimer mon \u00e9tat  d&rsquo;esprit vis-\u00e0-vis de cette ville et  de cette situation qui consiste \u00e0 \u00eatre \u00e0  moiti\u00e9 Argentin sans jamais y  avoir v\u00e9cu, j&rsquo;ai d\u00e9cid\u00e9 de filmer. Beaucoup des  images ont \u00e9t\u00e9 faites  en 2009 et ce n&rsquo;est qu&rsquo;en 2012 que le film voit le jour.  J&rsquo;ai multipli\u00e9  les rencontres avant de me focaliser sur trois paires de  personnages.  Il y a d&rsquo;abord mon p\u00e8re Miguel et moi. Mais aussi Roberto et son  fils  Manuel, ainsi que Pablo et sa m\u00e8re Greta. Entre Buenos Aires que nous   explorons, Douarnenez o\u00f9 Roberto peint des bateaux en se hissant sur la  pointe  des pieds pour essayer d&rsquo;entrevoir la capitale argentine, Lyon  o\u00f9 Miguel  travaille comme tapissier-d\u00e9corateur, Rennes o\u00f9 j&rsquo;habite et  monte ces images,  le film voyage. Ces six histoires d&rsquo;exil \u00e0 la fois  tristes et heureuses sont  celles de funambules ne sachant pas de quel  c\u00f4t\u00e9 pencher. De part et d&rsquo;autre de  l&rsquo;oc\u00e9an Atlantique, c&rsquo;est aussi un  portrait de la ville qui t\u00e2che de  s&rsquo;esquisser. <\/p>\n\n\n\n<figure class=\"wp-block-embed aligncenter is-type-video is-provider-vimeo wp-block-embed-vimeo wp-embed-aspect-1-1 wp-has-aspect-ratio\"><div class=\"wp-block-embed__wrapper\">\n<iframe loading=\"lazy\" title=\"La vereda de enfrente - bande annonce\" src=\"https:\/\/player.vimeo.com\/video\/53499813?dnt=1&amp;app_id=122963\" width=\"500\" height=\"400\" frameborder=\"0\" allow=\"autoplay; fullscreen; picture-in-picture; clipboard-write\"><\/iframe>\n<\/div><\/figure>\n\n\n\n<figure class=\"wp-block-embed aligncenter is-type-video is-provider-vimeo wp-block-embed-vimeo wp-embed-aspect-16-9 wp-has-aspect-ratio\"><div class=\"wp-block-embed__wrapper\">\n<iframe loading=\"lazy\" src=\"https:\/\/player.vimeo.com\/video\/106266978?dnt=1&amp;app_id=122963\" width=\"500\" height=\"274\" frameborder=\"0\" allow=\"autoplay; fullscreen; picture-in-picture; clipboard-write\"><\/iframe>\n<\/div><\/figure>\n","protected":false},"excerpt":{"rendered":"<p>(Le trottoir d&rsquo;en face) de Antonin Alloggio | 52 minutes \/ PAL DV | VOST fran\u00e7ais \u2013 argentin. avec Miguel \u00c1ngel Alloggio, Roberto Cedr\u00f3n, Manuel Cedr\u00f3n, Pablo Nu\u00f1ez, Greta Risa. J&rsquo;ai toujours eu pour l&rsquo;Argentine un int\u00e9r\u00eat tr\u00e8s personnel, li\u00e9 \u00e0 la construction de l&rsquo;identit\u00e9, puisque mon p\u00e8re est n\u00e9 \u00e0 Buenos Aires. Et pas [&hellip;]<\/p>\n","protected":false},"author":1,"featured_media":48,"comment_status":"closed","ping_status":"open","sticky":false,"template":"","format":"standard","meta":[],"categories":[3],"tags":[],"_links":{"self":[{"href":"http:\/\/alloggio.fr\/site\/wp-json\/wp\/v2\/posts\/32"}],"collection":[{"href":"http:\/\/alloggio.fr\/site\/wp-json\/wp\/v2\/posts"}],"about":[{"href":"http:\/\/alloggio.fr\/site\/wp-json\/wp\/v2\/types\/post"}],"author":[{"embeddable":true,"href":"http:\/\/alloggio.fr\/site\/wp-json\/wp\/v2\/users\/1"}],"replies":[{"embeddable":true,"href":"http:\/\/alloggio.fr\/site\/wp-json\/wp\/v2\/comments?post=32"}],"version-history":[{"count":15,"href":"http:\/\/alloggio.fr\/site\/wp-json\/wp\/v2\/posts\/32\/revisions"}],"predecessor-version":[{"id":1684,"href":"http:\/\/alloggio.fr\/site\/wp-json\/wp\/v2\/posts\/32\/revisions\/1684"}],"wp:featuredmedia":[{"embeddable":true,"href":"http:\/\/alloggio.fr\/site\/wp-json\/wp\/v2\/media\/48"}],"wp:attachment":[{"href":"http:\/\/alloggio.fr\/site\/wp-json\/wp\/v2\/media?parent=32"}],"wp:term":[{"taxonomy":"category","embeddable":true,"href":"http:\/\/alloggio.fr\/site\/wp-json\/wp\/v2\/categories?post=32"},{"taxonomy":"post_tag","embeddable":true,"href":"http:\/\/alloggio.fr\/site\/wp-json\/wp\/v2\/tags?post=32"}],"curies":[{"name":"wp","href":"https:\/\/api.w.org\/{rel}","templated":true}]}}