{"id":36,"date":"2019-01-31T11:41:18","date_gmt":"2019-01-31T10:41:18","guid":{"rendered":"http:\/\/alloggio.fr\/site\/?p=36"},"modified":"2019-01-31T22:32:22","modified_gmt":"2019-01-31T21:32:22","slug":"vila-de-marmeleira-faz-um-filme","status":"publish","type":"post","link":"http:\/\/alloggio.fr\/site\/vila-de-marmeleira-faz-um-filme\/","title":{"rendered":"Vila de Marmeleira faz um filme !"},"content":{"rendered":"\n<p>30 minutes \/ PAL DV &#8211; 2012 &#8211;  POINT BARRE &#8211; Jeunes \u00e0 Travers le Monde<\/p>\n\n\n\n<p>co-r\u00e9alis\u00e9 avec Jo\u00ebl Martins Da Silva et la complicit\u00e9 de six jeunes rennais.<\/p>\n\n\n\n<figure class=\"wp-block-image\"><img loading=\"lazy\" width=\"1024\" height=\"576\" src=\"http:\/\/alloggio.fr\/site\/wp-content\/uploads\/2019\/01\/vlcsnap-2019-01-31-22h27m35s791-1024x576.png\" alt=\"\" class=\"wp-image-238\" srcset=\"http:\/\/alloggio.fr\/site\/wp-content\/uploads\/2019\/01\/vlcsnap-2019-01-31-22h27m35s791.png 1024w, http:\/\/alloggio.fr\/site\/wp-content\/uploads\/2019\/01\/vlcsnap-2019-01-31-22h27m35s791-300x169.png 300w, http:\/\/alloggio.fr\/site\/wp-content\/uploads\/2019\/01\/vlcsnap-2019-01-31-22h27m35s791-768x432.png 768w\" sizes=\"(max-width: 1024px) 100vw, 1024px\" \/><\/figure>\n\n\n\n<p>Pendant l&rsquo;\u00e9t\u00e9 2012, juste apr\u00e8s avoir pass\u00e9 les  \u00e9preuves du Bac, six jeunes rennais se rendent au Portugal pour r\u00e9aliser  un film sur le th\u00e8me du voyage dans le petit village de Vila de  Marmeleira. Durant les deux mois pr\u00e9c\u00e9dents cette semaine de tournage \u00e0  l&rsquo;\u00e9tranger, ils ont \u00e9t\u00e9 initi\u00e9s aux techniques de l&rsquo;audiovisuel avec  deux vid\u00e9astes travaillant pour l&rsquo;association POINT BARRE. Ils ont  pr\u00e9par\u00e9s leur voyage avec l&rsquo;accompagnement de Jeunes \u00e0 Travers le Monde. <\/p>\n\n\n\n<p>Sur place, ils vont \u00e0 la rencontre des habitants et le film prend forme.<\/p>\n","protected":false},"excerpt":{"rendered":"<p>30 minutes \/ PAL DV &#8211; 2012 &#8211; POINT BARRE &#8211; Jeunes \u00e0 Travers le Monde co-r\u00e9alis\u00e9 avec Jo\u00ebl Martins Da Silva et la complicit\u00e9 de six jeunes rennais. Pendant l&rsquo;\u00e9t\u00e9 2012, juste apr\u00e8s avoir pass\u00e9 les \u00e9preuves du Bac, six jeunes rennais se rendent au Portugal pour r\u00e9aliser un film sur le th\u00e8me du [&hellip;]<\/p>\n","protected":false},"author":1,"featured_media":168,"comment_status":"closed","ping_status":"open","sticky":false,"template":"","format":"standard","meta":[],"categories":[3],"tags":[],"_links":{"self":[{"href":"http:\/\/alloggio.fr\/site\/wp-json\/wp\/v2\/posts\/36"}],"collection":[{"href":"http:\/\/alloggio.fr\/site\/wp-json\/wp\/v2\/posts"}],"about":[{"href":"http:\/\/alloggio.fr\/site\/wp-json\/wp\/v2\/types\/post"}],"author":[{"embeddable":true,"href":"http:\/\/alloggio.fr\/site\/wp-json\/wp\/v2\/users\/1"}],"replies":[{"embeddable":true,"href":"http:\/\/alloggio.fr\/site\/wp-json\/wp\/v2\/comments?post=36"}],"version-history":[{"count":4,"href":"http:\/\/alloggio.fr\/site\/wp-json\/wp\/v2\/posts\/36\/revisions"}],"predecessor-version":[{"id":239,"href":"http:\/\/alloggio.fr\/site\/wp-json\/wp\/v2\/posts\/36\/revisions\/239"}],"wp:featuredmedia":[{"embeddable":true,"href":"http:\/\/alloggio.fr\/site\/wp-json\/wp\/v2\/media\/168"}],"wp:attachment":[{"href":"http:\/\/alloggio.fr\/site\/wp-json\/wp\/v2\/media?parent=36"}],"wp:term":[{"taxonomy":"category","embeddable":true,"href":"http:\/\/alloggio.fr\/site\/wp-json\/wp\/v2\/categories?post=36"},{"taxonomy":"post_tag","embeddable":true,"href":"http:\/\/alloggio.fr\/site\/wp-json\/wp\/v2\/tags?post=36"}],"curies":[{"name":"wp","href":"https:\/\/api.w.org\/{rel}","templated":true}]}}