{"id":44,"date":"2019-01-31T11:44:11","date_gmt":"2019-01-31T10:44:11","guid":{"rendered":"http:\/\/alloggio.fr\/site\/?p=44"},"modified":"2019-01-31T22:22:54","modified_gmt":"2019-01-31T21:22:54","slug":"filmatraj","status":"publish","type":"post","link":"http:\/\/alloggio.fr\/site\/filmatraj\/","title":{"rendered":"FilmaTraj"},"content":{"rendered":"\n<p>co-r\u00e9alis\u00e9 avec Jo\u00ebl Martins Da Silva.<\/p>\n\n\n\n<p>2016-2017-2018<\/p>\n\n\n\n<figure class=\"wp-block-image\"><img loading=\"lazy\" width=\"840\" height=\"394\" src=\"http:\/\/alloggio.fr\/site\/wp-content\/uploads\/2019\/01\/ft2016.jpg\" alt=\"\" class=\"wp-image-147\" srcset=\"http:\/\/alloggio.fr\/site\/wp-content\/uploads\/2019\/01\/ft2016.jpg 840w, http:\/\/alloggio.fr\/site\/wp-content\/uploads\/2019\/01\/ft2016-300x141.jpg 300w, http:\/\/alloggio.fr\/site\/wp-content\/uploads\/2019\/01\/ft2016-768x360.jpg 768w\" sizes=\"(max-width: 840px) 100vw, 840px\" \/><\/figure>\n\n\n\n<p>FilmaTraj est un projet original cr\u00e9\u00e9 en 2015 par POINT BARRE en partenariat avec PRISME qui consiste \u00e0 amener un groupe de jeunes en PPI (prestation pr\u00e9paratoire \u00e0 l\u2019insertion) \u00e0 travailler ensemble \u00e0 la r\u00e9alisation d\u2019un film.<br>\nPour mener \u00e0 bien cet objectif, ils traversent tout un ensemble d&rsquo;\u00e9tapes : \u00e9criture, manipulation du mat\u00e9riel professionnel, rencontre avec des professionnels de l\u2019audiovisuel, collaboration, entraide. Faire un film est d\u2019abord une aventure humaine.<\/p>\n\n\n\n<p>En 2017, un deuxi\u00e8me groupe se met au travail autour d&rsquo;un nouveau film traitant de l&rsquo;illettrisme.<\/p>\n\n\n\n<p>En 2018, un nouveau groupe s&rsquo;int\u00e9ressera \u00e0 la culture bretonne et \u00e0 son patrimoine immat\u00e9riel.<\/p>\n\n\n\n<p>voir <a href=\"http:\/\/www.filmatraj.net\" target=\"_blank\" rel=\"noreferrer noopener\" aria-label=\"www.filmatraj.net (s\u2019ouvre dans un nouvel onglet)\">www.filmatraj.net<\/a><\/p>\n","protected":false},"excerpt":{"rendered":"<p>co-r\u00e9alis\u00e9 avec Jo\u00ebl Martins Da Silva. 2016-2017-2018 FilmaTraj est un projet original cr\u00e9\u00e9 en 2015 par POINT BARRE en partenariat avec PRISME qui consiste \u00e0 amener un groupe de jeunes en PPI (prestation pr\u00e9paratoire \u00e0 l\u2019insertion) \u00e0 travailler ensemble \u00e0 la r\u00e9alisation d\u2019un film. Pour mener \u00e0 bien cet objectif, ils traversent tout un ensemble [&hellip;]<\/p>\n","protected":false},"author":1,"featured_media":145,"comment_status":"closed","ping_status":"open","sticky":false,"template":"","format":"standard","meta":[],"categories":[3],"tags":[],"_links":{"self":[{"href":"http:\/\/alloggio.fr\/site\/wp-json\/wp\/v2\/posts\/44"}],"collection":[{"href":"http:\/\/alloggio.fr\/site\/wp-json\/wp\/v2\/posts"}],"about":[{"href":"http:\/\/alloggio.fr\/site\/wp-json\/wp\/v2\/types\/post"}],"author":[{"embeddable":true,"href":"http:\/\/alloggio.fr\/site\/wp-json\/wp\/v2\/users\/1"}],"replies":[{"embeddable":true,"href":"http:\/\/alloggio.fr\/site\/wp-json\/wp\/v2\/comments?post=44"}],"version-history":[{"count":4,"href":"http:\/\/alloggio.fr\/site\/wp-json\/wp\/v2\/posts\/44\/revisions"}],"predecessor-version":[{"id":233,"href":"http:\/\/alloggio.fr\/site\/wp-json\/wp\/v2\/posts\/44\/revisions\/233"}],"wp:featuredmedia":[{"embeddable":true,"href":"http:\/\/alloggio.fr\/site\/wp-json\/wp\/v2\/media\/145"}],"wp:attachment":[{"href":"http:\/\/alloggio.fr\/site\/wp-json\/wp\/v2\/media?parent=44"}],"wp:term":[{"taxonomy":"category","embeddable":true,"href":"http:\/\/alloggio.fr\/site\/wp-json\/wp\/v2\/categories?post=44"},{"taxonomy":"post_tag","embeddable":true,"href":"http:\/\/alloggio.fr\/site\/wp-json\/wp\/v2\/tags?post=44"}],"curies":[{"name":"wp","href":"https:\/\/api.w.org\/{rel}","templated":true}]}}