{"id":46,"date":"2019-01-31T11:45:39","date_gmt":"2019-01-31T10:45:39","guid":{"rendered":"http:\/\/alloggio.fr\/site\/?p=46"},"modified":"2019-01-31T12:46:13","modified_gmt":"2019-01-31T11:46:13","slug":"femmes-justice","status":"publish","type":"post","link":"http:\/\/alloggio.fr\/site\/femmes-justice\/","title":{"rendered":"Femmes &#038; Justice"},"content":{"rendered":"\n<p>Cinq entretiens r\u00e9alis\u00e9s \u00e0 l&rsquo;occasion du colloque \u00ab\u00a0Femmes &amp; Justice\u00a0\u00bb organis\u00e9 au Parlement de Bretagne le 29 novembre 2018 par l&rsquo;association Champs de Justice.<\/p>\n\n\n<div style=\"padding:56.25% 0 0 0;position:relative;\"><iframe src=\"https:\/\/vimeo.com\/album\/5716349\/embed\" allowfullscreen=\"\" style=\"position:absolute;top:0;left:0;width:100%;height:100%;\" frameborder=\"0\"><\/iframe><\/div>","protected":false},"excerpt":{"rendered":"<p>Cinq entretiens r\u00e9alis\u00e9s \u00e0 l&rsquo;occasion du colloque \u00ab\u00a0Femmes &amp; Justice\u00a0\u00bb organis\u00e9 au Parlement de Bretagne le 29 novembre 2018 par l&rsquo;association Champs de Justice.<\/p>\n","protected":false},"author":1,"featured_media":57,"comment_status":"closed","ping_status":"open","sticky":false,"template":"","format":"standard","meta":[],"categories":[3],"tags":[],"_links":{"self":[{"href":"http:\/\/alloggio.fr\/site\/wp-json\/wp\/v2\/posts\/46"}],"collection":[{"href":"http:\/\/alloggio.fr\/site\/wp-json\/wp\/v2\/posts"}],"about":[{"href":"http:\/\/alloggio.fr\/site\/wp-json\/wp\/v2\/types\/post"}],"author":[{"embeddable":true,"href":"http:\/\/alloggio.fr\/site\/wp-json\/wp\/v2\/users\/1"}],"replies":[{"embeddable":true,"href":"http:\/\/alloggio.fr\/site\/wp-json\/wp\/v2\/comments?post=46"}],"version-history":[{"count":2,"href":"http:\/\/alloggio.fr\/site\/wp-json\/wp\/v2\/posts\/46\/revisions"}],"predecessor-version":[{"id":59,"href":"http:\/\/alloggio.fr\/site\/wp-json\/wp\/v2\/posts\/46\/revisions\/59"}],"wp:featuredmedia":[{"embeddable":true,"href":"http:\/\/alloggio.fr\/site\/wp-json\/wp\/v2\/media\/57"}],"wp:attachment":[{"href":"http:\/\/alloggio.fr\/site\/wp-json\/wp\/v2\/media?parent=46"}],"wp:term":[{"taxonomy":"category","embeddable":true,"href":"http:\/\/alloggio.fr\/site\/wp-json\/wp\/v2\/categories?post=46"},{"taxonomy":"post_tag","embeddable":true,"href":"http:\/\/alloggio.fr\/site\/wp-json\/wp\/v2\/tags?post=46"}],"curies":[{"name":"wp","href":"https:\/\/api.w.org\/{rel}","templated":true}]}}