{"id":616,"date":"2023-05-05T10:44:25","date_gmt":"2023-05-05T08:44:25","guid":{"rendered":"http:\/\/alloggio.fr\/site\/?p=616"},"modified":"2023-05-11T11:38:45","modified_gmt":"2023-05-11T09:38:45","slug":"il-y-avait-une-musique-dans-un-film","status":"publish","type":"post","link":"http:\/\/alloggio.fr\/site\/il-y-avait-une-musique-dans-un-film\/","title":{"rendered":"Il y avait une musique dans un film"},"content":{"rendered":"\n<figure class=\"wp-block-image size-large\"><img loading=\"lazy\" src=\"http:\/\/alloggio.fr\/site\/wp-content\/uploads\/2023\/05\/salledecinema-1024x576.jpg\" alt=\"\" height=\"100%\" width=\"100%\" class=\"wp-image-618\" srcset=\"http:\/\/alloggio.fr\/site\/wp-content\/uploads\/2023\/05\/salledecinema-1024x576.jpg 1024w, http:\/\/alloggio.fr\/site\/wp-content\/uploads\/2023\/05\/salledecinema-300x169.jpg 300w, http:\/\/alloggio.fr\/site\/wp-content\/uploads\/2023\/05\/salledecinema-100x56.jpg 100w, http:\/\/alloggio.fr\/site\/wp-content\/uploads\/2023\/05\/salledecinema-768x432.jpg 768w, http:\/\/alloggio.fr\/site\/wp-content\/uploads\/2023\/05\/salledecinema-1536x864.jpg 1536w, http:\/\/alloggio.fr\/site\/wp-content\/uploads\/2023\/05\/salledecinema-2048x1152.jpg 2048w\" sizes=\"(max-width: 1024px) 100vw, 1024px\" \/><\/figure>\n\n\n\n<p>En 2022-2023, on m&rsquo;a donn\u00e9 l&rsquo;opportunit\u00e9 de travailler avec les quinze \u00e9tudiants de la formation continue du DUT Animation Sociale au sein du D\u00e9partement Carri\u00e8res Sociales de l&rsquo;IUT de Rennes. Je les ai accompagn\u00e9 dans le cadre de s\u00e9ances libres d&rsquo;accompagnement artistique. Ensemble, nous avons avons imagin\u00e9 et conduit ce projet autour des musiques dans les films.<\/p>\n\n\n\n<p>Un moment de calme.<\/p>\n\n\n\n<div class=\"wp-block-buttons\">\n<div class=\"wp-block-button has-custom-width wp-block-button__width-100\"><a class=\"wp-block-button__link\" href=\"http:\/\/www.cine.alloggio.fr\" target=\"_blank\" rel=\"noreferrer noopener\">Visiter le site<\/a><\/div>\n<\/div>\n","protected":false},"excerpt":{"rendered":"<p>En 2022-2023, on m&rsquo;a donn\u00e9 l&rsquo;opportunit\u00e9 de travailler avec les quinze \u00e9tudiants de la formation continue du DUT Animation Sociale au sein du D\u00e9partement Carri\u00e8res Sociales de l&rsquo;IUT de Rennes. Je les ai accompagn\u00e9 dans le cadre de s\u00e9ances libres d&rsquo;accompagnement artistique. Ensemble, nous avons avons imagin\u00e9 et conduit ce projet autour des musiques dans [&hellip;]<\/p>\n","protected":false},"author":1,"featured_media":618,"comment_status":"closed","ping_status":"open","sticky":false,"template":"","format":"standard","meta":[],"categories":[6],"tags":[],"_links":{"self":[{"href":"http:\/\/alloggio.fr\/site\/wp-json\/wp\/v2\/posts\/616"}],"collection":[{"href":"http:\/\/alloggio.fr\/site\/wp-json\/wp\/v2\/posts"}],"about":[{"href":"http:\/\/alloggio.fr\/site\/wp-json\/wp\/v2\/types\/post"}],"author":[{"embeddable":true,"href":"http:\/\/alloggio.fr\/site\/wp-json\/wp\/v2\/users\/1"}],"replies":[{"embeddable":true,"href":"http:\/\/alloggio.fr\/site\/wp-json\/wp\/v2\/comments?post=616"}],"version-history":[{"count":15,"href":"http:\/\/alloggio.fr\/site\/wp-json\/wp\/v2\/posts\/616\/revisions"}],"predecessor-version":[{"id":650,"href":"http:\/\/alloggio.fr\/site\/wp-json\/wp\/v2\/posts\/616\/revisions\/650"}],"wp:featuredmedia":[{"embeddable":true,"href":"http:\/\/alloggio.fr\/site\/wp-json\/wp\/v2\/media\/618"}],"wp:attachment":[{"href":"http:\/\/alloggio.fr\/site\/wp-json\/wp\/v2\/media?parent=616"}],"wp:term":[{"taxonomy":"category","embeddable":true,"href":"http:\/\/alloggio.fr\/site\/wp-json\/wp\/v2\/categories?post=616"},{"taxonomy":"post_tag","embeddable":true,"href":"http:\/\/alloggio.fr\/site\/wp-json\/wp\/v2\/tags?post=616"}],"curies":[{"name":"wp","href":"https:\/\/api.w.org\/{rel}","templated":true}]}}