{"id":667,"date":"2024-02-14T15:19:33","date_gmt":"2024-02-14T14:19:33","guid":{"rendered":"https:\/\/alloggio.fr\/site\/?p=667"},"modified":"2025-06-13T17:13:15","modified_gmt":"2025-06-13T15:13:15","slug":"resister","status":"publish","type":"post","link":"http:\/\/alloggio.fr\/site\/resister\/","title":{"rendered":"R\u00e9sister"},"content":{"rendered":"\n<p>En 2021, on me confie une valise. Elle contient 145 cassettes MiniDV qui sont le t\u00e9moignage in\u00e9dit d&rsquo;une centaine de personnes. Ce sont des R\u00e9sistants dont certains t\u00e9moignent pour la premi\u00e8re fois devant une cam\u00e9ra. Ils disent, avec des mots simples, ce qu\u2019a \u00e9t\u00e9 leur engagement durant les ann\u00e9es noires de l\u2019Occupation.<\/p>\n\n\n\n<div class=\"wp-block-image\"><figure class=\"aligncenter size-large is-resized\"><img loading=\"lazy\" src=\"http:\/\/alloggio.fr\/site\/wp-content\/uploads\/2024\/02\/resister.png\" alt=\"\" class=\"wp-image-668\" width=\"-215\" height=\"-259\" srcset=\"http:\/\/alloggio.fr\/site\/wp-content\/uploads\/2024\/02\/resister.png 607w, http:\/\/alloggio.fr\/site\/wp-content\/uploads\/2024\/02\/resister-249x300.png 249w\" sizes=\"(max-width: 607px) 100vw, 607px\" \/><\/figure><\/div>\n\n\n\n<p>Film\u00e9e entre 2000 et 2002 par Raoul Rossi, documentariste de renom, toute cette mati\u00e8re est in\u00e9dite.<\/p>\n\n\n\n<p>T\u00e9moin des t\u00e9moins, me voici investi d&rsquo;un devoir de passeur de m\u00e9moire.<\/p>\n\n\n\n<div class=\"wp-block-image\"><figure class=\"alignright size-large\"><img loading=\"lazy\" width=\"449\" height=\"285\" src=\"http:\/\/alloggio.fr\/site\/wp-content\/uploads\/2025\/06\/pelicase.png\" alt=\"\" class=\"wp-image-2988\" srcset=\"http:\/\/alloggio.fr\/site\/wp-content\/uploads\/2025\/06\/pelicase.png 449w, http:\/\/alloggio.fr\/site\/wp-content\/uploads\/2025\/06\/pelicase-300x190.png 300w\" sizes=\"(max-width: 449px) 100vw, 449px\" \/><figcaption><strong>?<\/strong><\/figcaption><\/figure><\/div>\n","protected":false},"excerpt":{"rendered":"<p>En 2021, on me confie une valise. Elle contient 145 cassettes MiniDV qui sont le t\u00e9moignage in\u00e9dit d&rsquo;une centaine de personnes. Ce sont des R\u00e9sistants dont certains t\u00e9moignent pour la premi\u00e8re fois devant une cam\u00e9ra. Ils disent, avec des mots simples, ce qu\u2019a \u00e9t\u00e9 leur engagement durant les ann\u00e9es noires de l\u2019Occupation. Film\u00e9e entre 2000 [&hellip;]<\/p>\n","protected":false},"author":1,"featured_media":668,"comment_status":"closed","ping_status":"open","sticky":false,"template":"","format":"standard","meta":[],"categories":[11],"tags":[],"_links":{"self":[{"href":"http:\/\/alloggio.fr\/site\/wp-json\/wp\/v2\/posts\/667"}],"collection":[{"href":"http:\/\/alloggio.fr\/site\/wp-json\/wp\/v2\/posts"}],"about":[{"href":"http:\/\/alloggio.fr\/site\/wp-json\/wp\/v2\/types\/post"}],"author":[{"embeddable":true,"href":"http:\/\/alloggio.fr\/site\/wp-json\/wp\/v2\/users\/1"}],"replies":[{"embeddable":true,"href":"http:\/\/alloggio.fr\/site\/wp-json\/wp\/v2\/comments?post=667"}],"version-history":[{"count":4,"href":"http:\/\/alloggio.fr\/site\/wp-json\/wp\/v2\/posts\/667\/revisions"}],"predecessor-version":[{"id":2994,"href":"http:\/\/alloggio.fr\/site\/wp-json\/wp\/v2\/posts\/667\/revisions\/2994"}],"wp:featuredmedia":[{"embeddable":true,"href":"http:\/\/alloggio.fr\/site\/wp-json\/wp\/v2\/media\/668"}],"wp:attachment":[{"href":"http:\/\/alloggio.fr\/site\/wp-json\/wp\/v2\/media?parent=667"}],"wp:term":[{"taxonomy":"category","embeddable":true,"href":"http:\/\/alloggio.fr\/site\/wp-json\/wp\/v2\/categories?post=667"},{"taxonomy":"post_tag","embeddable":true,"href":"http:\/\/alloggio.fr\/site\/wp-json\/wp\/v2\/tags?post=667"}],"curies":[{"name":"wp","href":"https:\/\/api.w.org\/{rel}","templated":true}]}}