{"id":9,"date":"2019-01-31T11:47:03","date_gmt":"2019-01-31T10:47:03","guid":{"rendered":"http:\/\/alloggio.fr\/site\/?p=9"},"modified":"2019-02-06T14:17:26","modified_gmt":"2019-02-06T13:17:26","slug":"avec-les-anciens","status":"publish","type":"post","link":"http:\/\/alloggio.fr\/site\/avec-les-anciens\/","title":{"rendered":"Avec les anciens !"},"content":{"rendered":"\n<p>S\u00e9rie co-r\u00e9alis\u00e9e avec Jo\u00ebl Martins Da Silva.<\/p>\n\n\n\n<p>7 * 26 minutes<\/p>\n\n\n\n<figure class=\"wp-block-image\"><img loading=\"lazy\" width=\"1024\" height=\"562\" src=\"http:\/\/alloggio.fr\/site\/wp-content\/uploads\/2019\/01\/aveclesanciens-1024x562.png\" alt=\"\" class=\"wp-image-27\" srcset=\"http:\/\/alloggio.fr\/site\/wp-content\/uploads\/2019\/01\/aveclesanciens-1024x562.png 1024w, http:\/\/alloggio.fr\/site\/wp-content\/uploads\/2019\/01\/aveclesanciens-300x165.png 300w, http:\/\/alloggio.fr\/site\/wp-content\/uploads\/2019\/01\/aveclesanciens-768x421.png 768w, http:\/\/alloggio.fr\/site\/wp-content\/uploads\/2019\/01\/aveclesanciens.png 1050w\" sizes=\"(max-width: 1024px) 100vw, 1024px\" \/><\/figure>\n\n\n\n<p>Le projet Avec les anciens, action ! est n\u00e9 d\u2019un d\u00e9sir : faire des films avec les anciens, et d\u2019une intuition : \u00e7a peut-\u00eatre int\u00e9ressant, in\u00e9dit. Le pari a \u00e9t\u00e9 lanc\u00e9 et le d\u00e9fi relev\u00e9. Ce sont les anciens qui font les films, ils sont devant et derri\u00e8re la cam\u00e9ra. Ils \u00e9crivent, con\u00e7oivent, filment. Ils choisissent les th\u00e9matiques, pr\u00e9parent les entretiens, interviewent. Ils sont au c\u0153ur du projet, ils en sont moteurs. A 80 ans et plus, ils d\u00e9montrent leur capacit\u00e9 \u00e0 apprendre de nouvelles choses et \u00e0 manipuler de nouveaux outils (cam\u00e9ras num\u00e9riques hi-tech). R\u00e9solument du c\u00f4t\u00e9 de la vie, ces films \u00e9voquent le pass\u00e9 mais sont ancr\u00e9s dans le pr\u00e9sent. A l\u2019heure actuelle, sept films existent, la s\u00e9rie en comptera dix. La seconde phase du projet consiste en la diffusion de ces films aupr\u00e8s d\u2019un plus large public via l\u2019organisation de projections sur l\u2019ensemble du territoire breton.<\/p>\n\n\n<p><iframe loading=\"lazy\" src=\"\/\/player.vimeo.com\/video\/92734296?title=0&amp;byline=0&amp;portrait=0&amp;color=ff9933\" webkitallowfullscreen=\"\" mozallowfullscreen=\"\" allowfullscreen=\"\" width=\"500\" height=\"273\" frameborder=\"0\"><\/iframe><\/p>\n<p><iframe loading=\"lazy\" src=\"\/\/player.vimeo.com\/video\/92759638?title=0&amp;byline=0&amp;portrait=0&amp;color=ff9933\" webkitallowfullscreen=\"\" mozallowfullscreen=\"\" allowfullscreen=\"\" width=\"500\" height=\"273\" frameborder=\"0\"><\/iframe><\/p>","protected":false},"excerpt":{"rendered":"<p>S\u00e9rie co-r\u00e9alis\u00e9e avec Jo\u00ebl Martins Da Silva. 7 * 26 minutes Le projet Avec les anciens, action ! est n\u00e9 d\u2019un d\u00e9sir : faire des films avec les anciens, et d\u2019une intuition : \u00e7a peut-\u00eatre int\u00e9ressant, in\u00e9dit. Le pari a \u00e9t\u00e9 lanc\u00e9 et le d\u00e9fi relev\u00e9. Ce sont les anciens qui font les films, ils [&hellip;]<\/p>\n","protected":false},"author":1,"featured_media":28,"comment_status":"closed","ping_status":"open","sticky":false,"template":"","format":"standard","meta":[],"categories":[3],"tags":[],"_links":{"self":[{"href":"http:\/\/alloggio.fr\/site\/wp-json\/wp\/v2\/posts\/9"}],"collection":[{"href":"http:\/\/alloggio.fr\/site\/wp-json\/wp\/v2\/posts"}],"about":[{"href":"http:\/\/alloggio.fr\/site\/wp-json\/wp\/v2\/types\/post"}],"author":[{"embeddable":true,"href":"http:\/\/alloggio.fr\/site\/wp-json\/wp\/v2\/users\/1"}],"replies":[{"embeddable":true,"href":"http:\/\/alloggio.fr\/site\/wp-json\/wp\/v2\/comments?post=9"}],"version-history":[{"count":4,"href":"http:\/\/alloggio.fr\/site\/wp-json\/wp\/v2\/posts\/9\/revisions"}],"predecessor-version":[{"id":295,"href":"http:\/\/alloggio.fr\/site\/wp-json\/wp\/v2\/posts\/9\/revisions\/295"}],"wp:featuredmedia":[{"embeddable":true,"href":"http:\/\/alloggio.fr\/site\/wp-json\/wp\/v2\/media\/28"}],"wp:attachment":[{"href":"http:\/\/alloggio.fr\/site\/wp-json\/wp\/v2\/media?parent=9"}],"wp:term":[{"taxonomy":"category","embeddable":true,"href":"http:\/\/alloggio.fr\/site\/wp-json\/wp\/v2\/categories?post=9"},{"taxonomy":"post_tag","embeddable":true,"href":"http:\/\/alloggio.fr\/site\/wp-json\/wp\/v2\/tags?post=9"}],"curies":[{"name":"wp","href":"https:\/\/api.w.org\/{rel}","templated":true}]}}